{"id":1238,"date":"2023-07-24T09:45:57","date_gmt":"2023-07-24T09:45:57","guid":{"rendered":"https:\/\/www.jurif.com\/?p=1238"},"modified":"2023-07-25T09:51:11","modified_gmt":"2023-07-25T09:51:11","slug":"can-the-sick-leave-be-requested-for-painful-menstruation","status":"publish","type":"post","link":"https:\/\/www.jurif.com\/en\/can-the-sick-leave-be-requested-for-painful-menstruation\/","title":{"rendered":"Can the sick leave be requested for painful menstruation?"},"content":{"rendered":"<div  class='flex_column av-2w4y9t-a739fbc5cac1411a9a30f8950afb5e24 av_one_full  avia-builder-el-0  avia-builder-el-no-sibling  first flex_column_div  '     ><p>\n<style type=\"text\/css\" data-created_by=\"avia_inline_auto\" id=\"style-css-av-ljzysukn-fc45f29fd4aebe7719966dd889a7f03f\">\n#top .av-special-heading.av-ljzysukn-fc45f29fd4aebe7719966dd889a7f03f{\npadding-bottom:10px;\n}\nbody .av-special-heading.av-ljzysukn-fc45f29fd4aebe7719966dd889a7f03f .av-special-heading-tag .heading-char{\nfont-size:25px;\n}\n.av-special-heading.av-ljzysukn-fc45f29fd4aebe7719966dd889a7f03f .av-subheading{\nfont-size:15px;\n}\n<\/style>\n<div  class='av-special-heading av-ljzysukn-fc45f29fd4aebe7719966dd889a7f03f av-special-heading-h1 blockquote modern-quote  avia-builder-el-1  el_before_av_textblock  avia-builder-el-first '><h1 class='av-special-heading-tag '  itemprop=\"headline\"  >Can the sick leave be requested for painful menstruation?<\/h1><div class=\"special-heading-border\"><div class=\"special-heading-inner-border\"><\/div><\/div><\/div><br \/>\n<section  class='av_textblock_section av-ljzywsmv-e444faa350950a873ebeb822311a9b31 '   itemscope=\"itemscope\" itemtype=\"https:\/\/schema.org\/BlogPosting\" itemprop=\"blogPost\" ><div class='avia_textblock'  itemprop=\"text\" ><p>Starting from June 1, 2023 according to Organic Law 1\/2023, of February 28 (Official Gazette 01\/03\/2023), sick leave for painful menstruation is recognized. However, as specified in the law, this will only apply to women who suffer from incapacitating secondary menstruation, meaning they have menstrual pain caused by a previously diagnosed condition, such as endometriosis, for example.<\/p>\n<p>According to Article 169 of the General Social Security Law, this sick leave will be considered a special situation of temporary incapacity due to common contingencies, and each process will be considered new without counting towards the maximum duration of the temporary incapacity situation or its possible extension. In other words, when a woman requests sick leave due to incapacitating secondary menstruation, each sick leave process is considered independent. This means that it is treated as a new situation and is not taken into account when calculating the maximum allowed duration of temporary incapacity or its possible extension.<\/p>\n<p>It is also specified that the obligation to contribute to social security will continue during the temporary incapacity situation, and the subsidy will be paid by the Social Security from the day of the work leave.<\/p>\n<p>To request sick leave for incapacitating secondary menstruation, as mentioned earlier and like any common illness, it is necessary to have the situation confirmed by a doctor.<\/p>\n<\/div><\/section><br \/>\n\n<style type=\"text\/css\" data-created_by=\"avia_inline_auto\" id=\"style-css-av-ljzz4jh4-e1de5fe8d524d05f549c685d6afd5cfe\">\n#top .hr.hr-invisible.av-ljzz4jh4-e1de5fe8d524d05f549c685d6afd5cfe{\nheight:50px;\n}\n<\/style>\n<div  class='hr av-ljzz4jh4-e1de5fe8d524d05f549c685d6afd5cfe hr-invisible  avia-builder-el-3  el_after_av_textblock  el_before_av_image '><span class='hr-inner '><span class=\"hr-inner-style\"><\/span><\/span><\/div><br \/>\n\n<style type=\"text\/css\" data-created_by=\"avia_inline_auto\" id=\"style-css-av-ljzyxml4-b3c734768b97b71865713a0a3fc854c6\">\n.avia-image-container.av-ljzyxml4-b3c734768b97b71865713a0a3fc854c6 img.avia_image{\nbox-shadow:none;\n}\n.avia-image-container.av-ljzyxml4-b3c734768b97b71865713a0a3fc854c6 .av-image-caption-overlay-center{\ncolor:#ffffff;\n}\n<\/style>\n<div  class='avia-image-container av-ljzyxml4-b3c734768b97b71865713a0a3fc854c6 av-styling- avia-align-center  avia-builder-el-4  el_after_av_hr  avia-builder-el-last '   itemprop=\"image\" itemscope=\"itemscope\" itemtype=\"https:\/\/schema.org\/ImageObject\" ><div class=\"avia-image-container-inner\"><div class=\"avia-image-overlay-wrap\"><img decoding=\"async\" fetchpriority=\"high\" class='wp-image-1108 avia-img-lazy-loading-not-1108 avia_image ' src=\"https:\/\/www.jurif.com\/wp-content\/uploads\/2023\/07\/jurif-blog-dolor-regla.jpg\" alt='' title='jurif-blog-dolor-regla'  height=\"1080\" width=\"1920\"  itemprop=\"thumbnailUrl\" srcset=\"https:\/\/www.jurif.com\/wp-content\/uploads\/2023\/07\/jurif-blog-dolor-regla.jpg 1920w, https:\/\/www.jurif.com\/wp-content\/uploads\/2023\/07\/jurif-blog-dolor-regla-300x169.jpg 300w, https:\/\/www.jurif.com\/wp-content\/uploads\/2023\/07\/jurif-blog-dolor-regla-1030x579.jpg 1030w, https:\/\/www.jurif.com\/wp-content\/uploads\/2023\/07\/jurif-blog-dolor-regla-768x432.jpg 768w, https:\/\/www.jurif.com\/wp-content\/uploads\/2023\/07\/jurif-blog-dolor-regla-1536x864.jpg 1536w, https:\/\/www.jurif.com\/wp-content\/uploads\/2023\/07\/jurif-blog-dolor-regla-1500x844.jpg 1500w, https:\/\/www.jurif.com\/wp-content\/uploads\/2023\/07\/jurif-blog-dolor-regla-705x397.jpg 705w\" sizes=\"(max-width: 1920px) 100vw, 1920px\" \/><\/div><\/div><\/div><\/p><\/div>\n","protected":false},"excerpt":{"rendered":"<p>A partir del 01 de junio del 2023 en Ley Org\u00e1nica 1\/2023, de 28 de febrero (BOE 01\/03\/2023) se reconoce la baja por menstruaci\u00f3n dolorosa.<\/p>\n<p>Pero tal como se especifica en la ley esta ser\u00e1 de aplicaci\u00f3n para las mujeres que padezcan una menstruaci\u00f3n incapacitante secundaria, es decir, que tengan dolores menstruales generados por una patolog\u00eda previamente diagnosticada como ser\u00eda por ejemplo una endometriosis.<\/p>\n","protected":false},"author":3,"featured_media":1108,"comment_status":"closed","ping_status":"closed","sticky":false,"template":"","format":"standard","meta":{"footnotes":""},"categories":[13],"tags":[],"class_list":["post-1238","post","type-post","status-publish","format-standard","has-post-thumbnail","hentry","category-uncategorized"],"yoast_head":"<!-- This site is optimized with the Yoast SEO plugin v26.0 - https:\/\/yoast.com\/wordpress\/plugins\/seo\/ -->\n<title>Can the sick leave be requested for painful menstruation? - Jurif Advocats Consultors<\/title>\n<meta name=\"robots\" content=\"index, follow, max-snippet:-1, max-image-preview:large, max-video-preview:-1\" \/>\n<link rel=\"canonical\" href=\"https:\/\/www.jurif.com\/es-pot-solicitar-la-baixa-per-menstruacio-dolorosa\/\" \/>\n<meta property=\"og:locale\" content=\"en_US\" \/>\n<meta property=\"og:type\" content=\"article\" \/>\n<meta property=\"og:title\" content=\"Can the sick leave be requested for painful menstruation? - Jurif Advocats Consultors\" \/>\n<meta property=\"og:description\" content=\"A partir del 01 de junio del 2023 en Ley Org\u00e1nica 1\/2023, de 28 de febrero (BOE 01\/03\/2023) se reconoce la baja por menstruaci\u00f3n dolorosa.  Pero tal como se especifica en la ley esta ser\u00e1 de aplicaci\u00f3n para las mujeres que padezcan una menstruaci\u00f3n incapacitante secundaria, es decir, que tengan dolores menstruales generados por una patolog\u00eda previamente diagnosticada como ser\u00eda por ejemplo una endometriosis.\" \/>\n<meta property=\"og:url\" content=\"https:\/\/www.jurif.com\/es-pot-solicitar-la-baixa-per-menstruacio-dolorosa\/\" \/>\n<meta property=\"og:site_name\" content=\"Jurif Advocats Consultors\" \/>\n<meta property=\"article:published_time\" content=\"2023-07-24T09:45:57+00:00\" \/>\n<meta property=\"article:modified_time\" content=\"2023-07-25T09:51:11+00:00\" \/>\n<meta property=\"og:image\" content=\"https:\/\/www.jurif.com\/wp-content\/uploads\/2023\/07\/jurif-blog-dolor-regla.jpg\" \/>\n\t<meta property=\"og:image:width\" content=\"1920\" \/>\n\t<meta property=\"og:image:height\" content=\"1080\" \/>\n\t<meta property=\"og:image:type\" content=\"image\/jpeg\" \/>\n<meta name=\"author\" content=\"Ergates Tecnologia SL\" \/>\n<meta name=\"twitter:card\" content=\"summary_large_image\" \/>\n<meta name=\"twitter:label1\" content=\"Written by\" \/>\n\t<meta name=\"twitter:data1\" content=\"Ergates Tecnologia SL\" \/>\n\t<meta name=\"twitter:label2\" content=\"Est. reading time\" \/>\n\t<meta name=\"twitter:data2\" content=\"3 minutes\" \/>\n<script type=\"application\/ld+json\" class=\"yoast-schema-graph\">{\"@context\":\"https:\/\/schema.org\",\"@graph\":[{\"@type\":\"WebPage\",\"@id\":\"https:\/\/www.jurif.com\/es-pot-solicitar-la-baixa-per-menstruacio-dolorosa\/\",\"url\":\"https:\/\/www.jurif.com\/es-pot-solicitar-la-baixa-per-menstruacio-dolorosa\/\",\"name\":\"Can the sick leave be requested for painful menstruation? - Jurif Advocats Consultors\",\"isPartOf\":{\"@id\":\"https:\/\/www.jurif.com\/#website\"},\"primaryImageOfPage\":{\"@id\":\"https:\/\/www.jurif.com\/es-pot-solicitar-la-baixa-per-menstruacio-dolorosa\/#primaryimage\"},\"image\":{\"@id\":\"https:\/\/www.jurif.com\/es-pot-solicitar-la-baixa-per-menstruacio-dolorosa\/#primaryimage\"},\"thumbnailUrl\":\"https:\/\/www.jurif.com\/wp-content\/uploads\/2023\/07\/jurif-blog-dolor-regla.jpg\",\"datePublished\":\"2023-07-24T09:45:57+00:00\",\"dateModified\":\"2023-07-25T09:51:11+00:00\",\"author\":{\"@id\":\"https:\/\/www.jurif.com\/#\/schema\/person\/4cceb056bd830c1609de48e671ef6b3f\"},\"breadcrumb\":{\"@id\":\"https:\/\/www.jurif.com\/es-pot-solicitar-la-baixa-per-menstruacio-dolorosa\/#breadcrumb\"},\"inLanguage\":\"en-US\",\"potentialAction\":[{\"@type\":\"ReadAction\",\"target\":[\"https:\/\/www.jurif.com\/es-pot-solicitar-la-baixa-per-menstruacio-dolorosa\/\"]}]},{\"@type\":\"ImageObject\",\"inLanguage\":\"en-US\",\"@id\":\"https:\/\/www.jurif.com\/es-pot-solicitar-la-baixa-per-menstruacio-dolorosa\/#primaryimage\",\"url\":\"https:\/\/www.jurif.com\/wp-content\/uploads\/2023\/07\/jurif-blog-dolor-regla.jpg\",\"contentUrl\":\"https:\/\/www.jurif.com\/wp-content\/uploads\/2023\/07\/jurif-blog-dolor-regla.jpg\",\"width\":1920,\"height\":1080},{\"@type\":\"BreadcrumbList\",\"@id\":\"https:\/\/www.jurif.com\/es-pot-solicitar-la-baixa-per-menstruacio-dolorosa\/#breadcrumb\",\"itemListElement\":[{\"@type\":\"ListItem\",\"position\":1,\"name\":\"Inici\",\"item\":\"https:\/\/www.jurif.com\/en\/services\/\"},{\"@type\":\"ListItem\",\"position\":2,\"name\":\"Can the sick leave be requested for painful menstruation?\"}]},{\"@type\":\"WebSite\",\"@id\":\"https:\/\/www.jurif.com\/#website\",\"url\":\"https:\/\/www.jurif.com\/\",\"name\":\"Jurif Advocats Consultors\",\"description\":\"Advocats, , consultors tributaris i laborals, gestio i assessorament  patrimonial\",\"potentialAction\":[{\"@type\":\"SearchAction\",\"target\":{\"@type\":\"EntryPoint\",\"urlTemplate\":\"https:\/\/www.jurif.com\/?s={search_term_string}\"},\"query-input\":{\"@type\":\"PropertyValueSpecification\",\"valueRequired\":true,\"valueName\":\"search_term_string\"}}],\"inLanguage\":\"en-US\"},{\"@type\":\"Person\",\"@id\":\"https:\/\/www.jurif.com\/#\/schema\/person\/4cceb056bd830c1609de48e671ef6b3f\",\"name\":\"Ergates Tecnologia SL\",\"image\":{\"@type\":\"ImageObject\",\"inLanguage\":\"en-US\",\"@id\":\"https:\/\/www.jurif.com\/#\/schema\/person\/image\/\",\"url\":\"https:\/\/secure.gravatar.com\/avatar\/34b33c74c1470909c2755e42763df6cafed0a8cb7c816a34c8fd9c014ac08a4d?s=96&d=mm&r=g\",\"contentUrl\":\"https:\/\/secure.gravatar.com\/avatar\/34b33c74c1470909c2755e42763df6cafed0a8cb7c816a34c8fd9c014ac08a4d?s=96&d=mm&r=g\",\"caption\":\"Ergates Tecnologia SL\"},\"sameAs\":[\"http:\/\/www.ergates.net\"],\"url\":\"https:\/\/www.jurif.com\/en\/author\/ergates\/\"}]}<\/script>\n<!-- \/ Yoast SEO plugin. -->","yoast_head_json":{"title":"Can the sick leave be requested for painful menstruation? - Jurif Advocats Consultors","robots":{"index":"index","follow":"follow","max-snippet":"max-snippet:-1","max-image-preview":"max-image-preview:large","max-video-preview":"max-video-preview:-1"},"canonical":"https:\/\/www.jurif.com\/es-pot-solicitar-la-baixa-per-menstruacio-dolorosa\/","og_locale":"en_US","og_type":"article","og_title":"Can the sick leave be requested for painful menstruation? - Jurif Advocats Consultors","og_description":"A partir del 01 de junio del 2023 en Ley Org\u00e1nica 1\/2023, de 28 de febrero (BOE 01\/03\/2023) se reconoce la baja por menstruaci\u00f3n dolorosa.  Pero tal como se especifica en la ley esta ser\u00e1 de aplicaci\u00f3n para las mujeres que padezcan una menstruaci\u00f3n incapacitante secundaria, es decir, que tengan dolores menstruales generados por una patolog\u00eda previamente diagnosticada como ser\u00eda por ejemplo una endometriosis.","og_url":"https:\/\/www.jurif.com\/es-pot-solicitar-la-baixa-per-menstruacio-dolorosa\/","og_site_name":"Jurif Advocats Consultors","article_published_time":"2023-07-24T09:45:57+00:00","article_modified_time":"2023-07-25T09:51:11+00:00","og_image":[{"width":1920,"height":1080,"url":"https:\/\/www.jurif.com\/wp-content\/uploads\/2023\/07\/jurif-blog-dolor-regla.jpg","type":"image\/jpeg"}],"author":"Ergates Tecnologia SL","twitter_card":"summary_large_image","twitter_misc":{"Written by":"Ergates Tecnologia SL","Est. reading time":"3 minutes"},"schema":{"@context":"https:\/\/schema.org","@graph":[{"@type":"WebPage","@id":"https:\/\/www.jurif.com\/es-pot-solicitar-la-baixa-per-menstruacio-dolorosa\/","url":"https:\/\/www.jurif.com\/es-pot-solicitar-la-baixa-per-menstruacio-dolorosa\/","name":"Can the sick leave be requested for painful menstruation? - Jurif Advocats Consultors","isPartOf":{"@id":"https:\/\/www.jurif.com\/#website"},"primaryImageOfPage":{"@id":"https:\/\/www.jurif.com\/es-pot-solicitar-la-baixa-per-menstruacio-dolorosa\/#primaryimage"},"image":{"@id":"https:\/\/www.jurif.com\/es-pot-solicitar-la-baixa-per-menstruacio-dolorosa\/#primaryimage"},"thumbnailUrl":"https:\/\/www.jurif.com\/wp-content\/uploads\/2023\/07\/jurif-blog-dolor-regla.jpg","datePublished":"2023-07-24T09:45:57+00:00","dateModified":"2023-07-25T09:51:11+00:00","author":{"@id":"https:\/\/www.jurif.com\/#\/schema\/person\/4cceb056bd830c1609de48e671ef6b3f"},"breadcrumb":{"@id":"https:\/\/www.jurif.com\/es-pot-solicitar-la-baixa-per-menstruacio-dolorosa\/#breadcrumb"},"inLanguage":"en-US","potentialAction":[{"@type":"ReadAction","target":["https:\/\/www.jurif.com\/es-pot-solicitar-la-baixa-per-menstruacio-dolorosa\/"]}]},{"@type":"ImageObject","inLanguage":"en-US","@id":"https:\/\/www.jurif.com\/es-pot-solicitar-la-baixa-per-menstruacio-dolorosa\/#primaryimage","url":"https:\/\/www.jurif.com\/wp-content\/uploads\/2023\/07\/jurif-blog-dolor-regla.jpg","contentUrl":"https:\/\/www.jurif.com\/wp-content\/uploads\/2023\/07\/jurif-blog-dolor-regla.jpg","width":1920,"height":1080},{"@type":"BreadcrumbList","@id":"https:\/\/www.jurif.com\/es-pot-solicitar-la-baixa-per-menstruacio-dolorosa\/#breadcrumb","itemListElement":[{"@type":"ListItem","position":1,"name":"Inici","item":"https:\/\/www.jurif.com\/en\/services\/"},{"@type":"ListItem","position":2,"name":"Can the sick leave be requested for painful menstruation?"}]},{"@type":"WebSite","@id":"https:\/\/www.jurif.com\/#website","url":"https:\/\/www.jurif.com\/","name":"Jurif Advocats Consultors","description":"Advocats, , consultors tributaris i laborals, gestio i assessorament  patrimonial","potentialAction":[{"@type":"SearchAction","target":{"@type":"EntryPoint","urlTemplate":"https:\/\/www.jurif.com\/?s={search_term_string}"},"query-input":{"@type":"PropertyValueSpecification","valueRequired":true,"valueName":"search_term_string"}}],"inLanguage":"en-US"},{"@type":"Person","@id":"https:\/\/www.jurif.com\/#\/schema\/person\/4cceb056bd830c1609de48e671ef6b3f","name":"Ergates Tecnologia SL","image":{"@type":"ImageObject","inLanguage":"en-US","@id":"https:\/\/www.jurif.com\/#\/schema\/person\/image\/","url":"https:\/\/secure.gravatar.com\/avatar\/34b33c74c1470909c2755e42763df6cafed0a8cb7c816a34c8fd9c014ac08a4d?s=96&d=mm&r=g","contentUrl":"https:\/\/secure.gravatar.com\/avatar\/34b33c74c1470909c2755e42763df6cafed0a8cb7c816a34c8fd9c014ac08a4d?s=96&d=mm&r=g","caption":"Ergates Tecnologia SL"},"sameAs":["http:\/\/www.ergates.net"],"url":"https:\/\/www.jurif.com\/en\/author\/ergates\/"}]}},"_links":{"self":[{"href":"https:\/\/www.jurif.com\/en\/wp-json\/wp\/v2\/posts\/1238","targetHints":{"allow":["GET"]}}],"collection":[{"href":"https:\/\/www.jurif.com\/en\/wp-json\/wp\/v2\/posts"}],"about":[{"href":"https:\/\/www.jurif.com\/en\/wp-json\/wp\/v2\/types\/post"}],"author":[{"embeddable":true,"href":"https:\/\/www.jurif.com\/en\/wp-json\/wp\/v2\/users\/3"}],"replies":[{"embeddable":true,"href":"https:\/\/www.jurif.com\/en\/wp-json\/wp\/v2\/comments?post=1238"}],"version-history":[{"count":5,"href":"https:\/\/www.jurif.com\/en\/wp-json\/wp\/v2\/posts\/1238\/revisions"}],"predecessor-version":[{"id":1338,"href":"https:\/\/www.jurif.com\/en\/wp-json\/wp\/v2\/posts\/1238\/revisions\/1338"}],"wp:featuredmedia":[{"embeddable":true,"href":"https:\/\/www.jurif.com\/en\/wp-json\/wp\/v2\/media\/1108"}],"wp:attachment":[{"href":"https:\/\/www.jurif.com\/en\/wp-json\/wp\/v2\/media?parent=1238"}],"wp:term":[{"taxonomy":"category","embeddable":true,"href":"https:\/\/www.jurif.com\/en\/wp-json\/wp\/v2\/categories?post=1238"},{"taxonomy":"post_tag","embeddable":true,"href":"https:\/\/www.jurif.com\/en\/wp-json\/wp\/v2\/tags?post=1238"}],"curies":[{"name":"wp","href":"https:\/\/api.w.org\/{rel}","templated":true}]}}